{"id":5916,"date":"2026-03-05T13:48:09","date_gmt":"2026-03-05T12:48:09","guid":{"rendered":"https:\/\/www.glueckstrasse.berlin\/?p=5916"},"modified":"2026-03-05T13:48:11","modified_gmt":"2026-03-05T12:48:11","slug":"ceilings-are-being-laid-above-the-ground-floor-2","status":"publish","type":"post","link":"https:\/\/www.glueckstrasse.berlin\/en\/ceilings-are-being-laid-above-the-ground-floor-2\/","title":{"rendered":"Ceilings are being laid above the ground floor."},"content":{"rendered":"<p>[et_pb_section fb_built=&#8221;1&#8243; _builder_version=&#8221;4.27.5&#8243; _module_preset=&#8221;default&#8221; da_disable_devices=&#8221;off|off|off&#8221; global_colors_info=&#8221;{}&#8221; theme_builder_area=&#8221;post_content&#8221; da_is_popup=&#8221;off&#8221; da_exit_intent=&#8221;off&#8221; da_has_close=&#8221;on&#8221; da_alt_close=&#8221;off&#8221; da_dark_close=&#8221;off&#8221; da_not_modal=&#8221;on&#8221; da_is_singular=&#8221;off&#8221; da_with_loader=&#8221;off&#8221; da_has_shadow=&#8221;on&#8221;][et_pb_row column_structure=&#8221;1_2,1_2&#8243; _builder_version=&#8221;4.27.5&#8243; _module_preset=&#8221;default&#8221; global_colors_info=&#8221;{}&#8221; theme_builder_area=&#8221;post_content&#8221; min_height=&#8221;1345.5px&#8221; custom_margin=&#8221;-125px|auto||auto||&#8221;][et_pb_column type=&#8221;1_2&#8243; _builder_version=&#8221;4.27.5&#8243; _module_preset=&#8221;default&#8221; global_colors_info=&#8221;{}&#8221; theme_builder_area=&#8221;post_content&#8221;][et_pb_gallery gallery_ids=&#8221;5837,5836,5835&#8243; _builder_version=&#8221;4.27.5&#8243; _module_preset=&#8221;default&#8221; global_colors_info=&#8221;{}&#8221; theme_builder_area=&#8221;post_content&#8221;][\/et_pb_gallery][\/et_pb_column][et_pb_column type=&#8221;1_2&#8243; _builder_version=&#8221;4.27.5&#8243; _module_preset=&#8221;default&#8221; global_colors_info=&#8221;{}&#8221; theme_builder_area=&#8221;post_content&#8221;][et_pb_text _builder_version=&#8221;4.27.5&#8243; _module_preset=&#8221;default&#8221; global_colors_info=&#8221;{}&#8221; theme_builder_area=&#8221;post_content&#8221;]<\/p>\n<p>The concrete ceilings were successfully laid before Christmas \ud83c\udf84\ud83e\udd73 \u2013 with millimeter precision using a crane. \ud83c\udfd7\ufe0f On Wednesday, the concrete will be poured for the ceiling above the ground floor.<\/p>\n<p><span>The new building project in L\u00fcckstra\u00dfe, Berlin-Lichtenberg, is growing bit by bit.<\/span><\/p>\n<p><span>The <\/span><a class=\"x1i10hfl xjbqb8w x1ejq31n x18oe1m7 x1sy0etr xstzfhl x972fbf x10w94by x1qhh985 x14e42zd x9f619 x1ypdohk xt0psk2 x3ct3a4 xdj266r x14z9mp xat24cr x1lziwak xexx8yu xyri2b x18d9i69 x1c1uobl x16tdsg8 x1hl2dhg xggy1nq x1a2a7pz notranslate _a6hd\" href=\"https:\/\/www.instagram.com\/cdswohnbaugruppe\/\" role=\"link\" tabindex=\"0\">@cdswohnbaugruppe<\/a><span> thanks everyone involved and wishes you a Merry Christmas. \ud83c\udf84<\/span><\/p>\n<p>[\/et_pb_text][\/et_pb_column][\/et_pb_row][\/et_pb_section]<\/p>\n","protected":false},"excerpt":{"rendered":"<p>The concrete ceilings were successfully laid before Christmas \ud83c\udf84\ud83e\udd73 \u2013 with millimeter precision using a crane. \ud83c\udfd7\ufe0f On Wednesday, the concrete will be poured for the ceiling above the ground floor. The new building project in L\u00fcckstra\u00dfe, Berlin-Lichtenberg, is growing bit by bit. The @cdswohnbaugruppe thanks everyone involved and wishes you a Merry Christmas. \ud83c\udf84<\/p>\n","protected":false},"author":3,"featured_media":5938,"comment_status":"closed","ping_status":"open","sticky":false,"template":"","format":"standard","meta":{"_acf_changed":false,"_et_pb_use_builder":"on","_et_pb_old_content":"","_et_gb_content_width":"","inline_featured_image":false,"footnotes":""},"categories":[22],"tags":[],"class_list":["post-5916","post","type-post","status-publish","format-standard","has-post-thumbnail","hentry","category-construction-progress"],"acf":[],"yoast_head":"<!-- This site is optimized with the Yoast SEO plugin v27.1.1 - https:\/\/yoast.com\/product\/yoast-seo-wordpress\/ -->\n<title>Ceilings are being laid above the ground floor. | (G)L\u00fcckstra\u00dfe Berlin<\/title>\n<meta name=\"robots\" content=\"index, follow, max-snippet:-1, max-image-preview:large, max-video-preview:-1\" \/>\n<link rel=\"canonical\" href=\"https:\/\/www.glueckstrasse.berlin\/en\/ceilings-are-being-laid-above-the-ground-floor-2\/\" \/>\n<meta property=\"og:locale\" content=\"en_US\" \/>\n<meta property=\"og:type\" content=\"article\" \/>\n<meta property=\"og:title\" content=\"Ceilings are being laid above the ground floor. | (G)L\u00fcckstra\u00dfe Berlin\" \/>\n<meta property=\"og:description\" content=\"The concrete ceilings were successfully laid before Christmas \ud83c\udf84\ud83e\udd73 \u2013 with millimeter precision using a crane. \ud83c\udfd7\ufe0f On Wednesday, the concrete will be poured for the ceiling above the ground floor. The new building project in L\u00fcckstra\u00dfe, Berlin-Lichtenberg, is growing bit by bit. The @cdswohnbaugruppe thanks everyone involved and wishes you a Merry Christmas. \ud83c\udf84\" \/>\n<meta property=\"og:url\" content=\"https:\/\/www.glueckstrasse.berlin\/en\/ceilings-are-being-laid-above-the-ground-floor-2\/\" \/>\n<meta property=\"og:site_name\" content=\"(G)L\u00fcckstra\u00dfe Berlin\" \/>\n<meta property=\"article:published_time\" content=\"2026-03-05T12:48:09+00:00\" \/>\n<meta property=\"article:modified_time\" content=\"2026-03-05T12:48:11+00:00\" \/>\n<meta property=\"og:image\" content=\"https:\/\/www.glueckstrasse.berlin\/wp-content\/uploads\/IMG_3010-scaled.jpg\" \/>\n\t<meta property=\"og:image:width\" content=\"2560\" \/>\n\t<meta property=\"og:image:height\" content=\"1440\" \/>\n\t<meta property=\"og:image:type\" content=\"image\/jpeg\" \/>\n<meta name=\"author\" content=\"CDS-Fuenfstueck\" \/>\n<meta name=\"twitter:card\" content=\"summary_large_image\" \/>\n<meta name=\"twitter:label1\" content=\"Written by\" \/>\n\t<meta name=\"twitter:data1\" content=\"CDS-Fuenfstueck\" \/>\n\t<meta name=\"twitter:label2\" content=\"Est. reading time\" \/>\n\t<meta name=\"twitter:data2\" content=\"1 minute\" \/>\n<script type=\"application\/ld+json\" class=\"yoast-schema-graph\">{\"@context\":\"https:\/\/schema.org\",\"@graph\":[{\"@type\":\"Article\",\"@id\":\"https:\/\/www.glueckstrasse.berlin\/en\/ceilings-are-being-laid-above-the-ground-floor-2\/#article\",\"isPartOf\":{\"@id\":\"https:\/\/www.glueckstrasse.berlin\/en\/ceilings-are-being-laid-above-the-ground-floor-2\/\"},\"author\":{\"name\":\"CDS-Fuenfstueck\",\"@id\":\"https:\/\/www.glueckstrasse.berlin\/en\/#\/schema\/person\/ca5681fa54df3cfcb235841742580ee2\"},\"headline\":\"Ceilings are being laid above the ground floor.\",\"datePublished\":\"2026-03-05T12:48:09+00:00\",\"dateModified\":\"2026-03-05T12:48:11+00:00\",\"mainEntityOfPage\":{\"@id\":\"https:\/\/www.glueckstrasse.berlin\/en\/ceilings-are-being-laid-above-the-ground-floor-2\/\"},\"wordCount\":234,\"publisher\":{\"@id\":\"https:\/\/www.glueckstrasse.berlin\/en\/#organization\"},\"image\":{\"@id\":\"https:\/\/www.glueckstrasse.berlin\/en\/ceilings-are-being-laid-above-the-ground-floor-2\/#primaryimage\"},\"thumbnailUrl\":\"https:\/\/www.glueckstrasse.berlin\/wp-content\/uploads\/IMG_3022-scaled.jpg\",\"articleSection\":[\"Construction progress\"],\"inLanguage\":\"en-US\"},{\"@type\":\"WebPage\",\"@id\":\"https:\/\/www.glueckstrasse.berlin\/en\/ceilings-are-being-laid-above-the-ground-floor-2\/\",\"url\":\"https:\/\/www.glueckstrasse.berlin\/en\/ceilings-are-being-laid-above-the-ground-floor-2\/\",\"name\":\"Ceilings are being laid above the ground floor. | (G)L\u00fcckstra\u00dfe Berlin\",\"isPartOf\":{\"@id\":\"https:\/\/www.glueckstrasse.berlin\/en\/#website\"},\"primaryImageOfPage\":{\"@id\":\"https:\/\/www.glueckstrasse.berlin\/en\/ceilings-are-being-laid-above-the-ground-floor-2\/#primaryimage\"},\"image\":{\"@id\":\"https:\/\/www.glueckstrasse.berlin\/en\/ceilings-are-being-laid-above-the-ground-floor-2\/#primaryimage\"},\"thumbnailUrl\":\"https:\/\/www.glueckstrasse.berlin\/wp-content\/uploads\/IMG_3022-scaled.jpg\",\"datePublished\":\"2026-03-05T12:48:09+00:00\",\"dateModified\":\"2026-03-05T12:48:11+00:00\",\"inLanguage\":\"en-US\",\"potentialAction\":[{\"@type\":\"ReadAction\",\"target\":[\"https:\/\/www.glueckstrasse.berlin\/en\/ceilings-are-being-laid-above-the-ground-floor-2\/\"]}]},{\"@type\":\"ImageObject\",\"inLanguage\":\"en-US\",\"@id\":\"https:\/\/www.glueckstrasse.berlin\/en\/ceilings-are-being-laid-above-the-ground-floor-2\/#primaryimage\",\"url\":\"https:\/\/www.glueckstrasse.berlin\/wp-content\/uploads\/IMG_3022-scaled.jpg\",\"contentUrl\":\"https:\/\/www.glueckstrasse.berlin\/wp-content\/uploads\/IMG_3022-scaled.jpg\",\"width\":2560,\"height\":1440},{\"@type\":\"WebSite\",\"@id\":\"https:\/\/www.glueckstrasse.berlin\/en\/#website\",\"url\":\"https:\/\/www.glueckstrasse.berlin\/en\/\",\"name\":\"(G)L\u00fcckstra\u00dfe Berlin-Lichtenberg\",\"description\":\"Wo das Gl\u00fcck Zuhause ist\",\"publisher\":{\"@id\":\"https:\/\/www.glueckstrasse.berlin\/en\/#organization\"},\"alternateName\":\"L\u00fcckstra\u00dfe Berlin\",\"potentialAction\":[{\"@type\":\"SearchAction\",\"target\":{\"@type\":\"EntryPoint\",\"urlTemplate\":\"https:\/\/www.glueckstrasse.berlin\/en\/?s={search_term_string}\"},\"query-input\":{\"@type\":\"PropertyValueSpecification\",\"valueRequired\":true,\"valueName\":\"search_term_string\"}}],\"inLanguage\":\"en-US\"},{\"@type\":\"Organization\",\"@id\":\"https:\/\/www.glueckstrasse.berlin\/en\/#organization\",\"name\":\"(G)L\u00fcckstra\u00dfe Berlin\",\"alternateName\":\"L\u00fcckstra\u00dfe Berlin\",\"url\":\"https:\/\/www.glueckstrasse.berlin\/en\/\",\"logo\":{\"@type\":\"ImageObject\",\"inLanguage\":\"en-US\",\"@id\":\"https:\/\/www.glueckstrasse.berlin\/en\/#\/schema\/logo\/image\/\",\"url\":\"https:\/\/www.glueckstrasse.berlin\/wp-content\/uploads\/Logo_GLueckstrasse.svg\",\"contentUrl\":\"https:\/\/www.glueckstrasse.berlin\/wp-content\/uploads\/Logo_GLueckstrasse.svg\",\"width\":\"1024\",\"height\":\"1024\",\"caption\":\"(G)L\u00fcckstra\u00dfe Berlin\"},\"image\":{\"@id\":\"https:\/\/www.glueckstrasse.berlin\/en\/#\/schema\/logo\/image\/\"}},{\"@type\":\"Person\",\"@id\":\"https:\/\/www.glueckstrasse.berlin\/en\/#\/schema\/person\/ca5681fa54df3cfcb235841742580ee2\",\"name\":\"CDS-Fuenfstueck\",\"image\":{\"@type\":\"ImageObject\",\"inLanguage\":\"en-US\",\"@id\":\"https:\/\/www.glueckstrasse.berlin\/en\/#\/schema\/person\/image\/\",\"url\":\"https:\/\/secure.gravatar.com\/avatar\/d143635dd6bea9d7764a2024e0a6f8af957523c03f83df63cff7dd63a8b4d8ca?s=96&d=mm&r=g\",\"contentUrl\":\"https:\/\/secure.gravatar.com\/avatar\/d143635dd6bea9d7764a2024e0a6f8af957523c03f83df63cff7dd63a8b4d8ca?s=96&d=mm&r=g\",\"caption\":\"CDS-Fuenfstueck\"},\"url\":\"https:\/\/www.glueckstrasse.berlin\/en\/author\/cds-fuenfstueck\/\"}]}<\/script>\n<!-- \/ Yoast SEO plugin. -->","yoast_head_json":{"title":"Ceilings are being laid above the ground floor. | (G)L\u00fcckstra\u00dfe Berlin","robots":{"index":"index","follow":"follow","max-snippet":"max-snippet:-1","max-image-preview":"max-image-preview:large","max-video-preview":"max-video-preview:-1"},"canonical":"https:\/\/www.glueckstrasse.berlin\/en\/ceilings-are-being-laid-above-the-ground-floor-2\/","og_locale":"en_US","og_type":"article","og_title":"Ceilings are being laid above the ground floor. | (G)L\u00fcckstra\u00dfe Berlin","og_description":"The concrete ceilings were successfully laid before Christmas \ud83c\udf84\ud83e\udd73 \u2013 with millimeter precision using a crane. \ud83c\udfd7\ufe0f On Wednesday, the concrete will be poured for the ceiling above the ground floor. The new building project in L\u00fcckstra\u00dfe, Berlin-Lichtenberg, is growing bit by bit. The @cdswohnbaugruppe thanks everyone involved and wishes you a Merry Christmas. \ud83c\udf84","og_url":"https:\/\/www.glueckstrasse.berlin\/en\/ceilings-are-being-laid-above-the-ground-floor-2\/","og_site_name":"(G)L\u00fcckstra\u00dfe Berlin","article_published_time":"2026-03-05T12:48:09+00:00","article_modified_time":"2026-03-05T12:48:11+00:00","og_image":[{"width":2560,"height":1440,"url":"https:\/\/www.glueckstrasse.berlin\/wp-content\/uploads\/IMG_3010-scaled.jpg","type":"image\/jpeg"}],"author":"CDS-Fuenfstueck","twitter_card":"summary_large_image","twitter_misc":{"Written by":"CDS-Fuenfstueck","Est. reading time":"1 minute"},"schema":{"@context":"https:\/\/schema.org","@graph":[{"@type":"Article","@id":"https:\/\/www.glueckstrasse.berlin\/en\/ceilings-are-being-laid-above-the-ground-floor-2\/#article","isPartOf":{"@id":"https:\/\/www.glueckstrasse.berlin\/en\/ceilings-are-being-laid-above-the-ground-floor-2\/"},"author":{"name":"CDS-Fuenfstueck","@id":"https:\/\/www.glueckstrasse.berlin\/en\/#\/schema\/person\/ca5681fa54df3cfcb235841742580ee2"},"headline":"Ceilings are being laid above the ground floor.","datePublished":"2026-03-05T12:48:09+00:00","dateModified":"2026-03-05T12:48:11+00:00","mainEntityOfPage":{"@id":"https:\/\/www.glueckstrasse.berlin\/en\/ceilings-are-being-laid-above-the-ground-floor-2\/"},"wordCount":234,"publisher":{"@id":"https:\/\/www.glueckstrasse.berlin\/en\/#organization"},"image":{"@id":"https:\/\/www.glueckstrasse.berlin\/en\/ceilings-are-being-laid-above-the-ground-floor-2\/#primaryimage"},"thumbnailUrl":"https:\/\/www.glueckstrasse.berlin\/wp-content\/uploads\/IMG_3022-scaled.jpg","articleSection":["Construction progress"],"inLanguage":"en-US"},{"@type":"WebPage","@id":"https:\/\/www.glueckstrasse.berlin\/en\/ceilings-are-being-laid-above-the-ground-floor-2\/","url":"https:\/\/www.glueckstrasse.berlin\/en\/ceilings-are-being-laid-above-the-ground-floor-2\/","name":"Ceilings are being laid above the ground floor. | (G)L\u00fcckstra\u00dfe Berlin","isPartOf":{"@id":"https:\/\/www.glueckstrasse.berlin\/en\/#website"},"primaryImageOfPage":{"@id":"https:\/\/www.glueckstrasse.berlin\/en\/ceilings-are-being-laid-above-the-ground-floor-2\/#primaryimage"},"image":{"@id":"https:\/\/www.glueckstrasse.berlin\/en\/ceilings-are-being-laid-above-the-ground-floor-2\/#primaryimage"},"thumbnailUrl":"https:\/\/www.glueckstrasse.berlin\/wp-content\/uploads\/IMG_3022-scaled.jpg","datePublished":"2026-03-05T12:48:09+00:00","dateModified":"2026-03-05T12:48:11+00:00","inLanguage":"en-US","potentialAction":[{"@type":"ReadAction","target":["https:\/\/www.glueckstrasse.berlin\/en\/ceilings-are-being-laid-above-the-ground-floor-2\/"]}]},{"@type":"ImageObject","inLanguage":"en-US","@id":"https:\/\/www.glueckstrasse.berlin\/en\/ceilings-are-being-laid-above-the-ground-floor-2\/#primaryimage","url":"https:\/\/www.glueckstrasse.berlin\/wp-content\/uploads\/IMG_3022-scaled.jpg","contentUrl":"https:\/\/www.glueckstrasse.berlin\/wp-content\/uploads\/IMG_3022-scaled.jpg","width":2560,"height":1440},{"@type":"WebSite","@id":"https:\/\/www.glueckstrasse.berlin\/en\/#website","url":"https:\/\/www.glueckstrasse.berlin\/en\/","name":"(G)L\u00fcckstra\u00dfe Berlin-Lichtenberg","description":"Wo das Gl\u00fcck Zuhause ist","publisher":{"@id":"https:\/\/www.glueckstrasse.berlin\/en\/#organization"},"alternateName":"L\u00fcckstra\u00dfe Berlin","potentialAction":[{"@type":"SearchAction","target":{"@type":"EntryPoint","urlTemplate":"https:\/\/www.glueckstrasse.berlin\/en\/?s={search_term_string}"},"query-input":{"@type":"PropertyValueSpecification","valueRequired":true,"valueName":"search_term_string"}}],"inLanguage":"en-US"},{"@type":"Organization","@id":"https:\/\/www.glueckstrasse.berlin\/en\/#organization","name":"(G)L\u00fcckstra\u00dfe Berlin","alternateName":"L\u00fcckstra\u00dfe Berlin","url":"https:\/\/www.glueckstrasse.berlin\/en\/","logo":{"@type":"ImageObject","inLanguage":"en-US","@id":"https:\/\/www.glueckstrasse.berlin\/en\/#\/schema\/logo\/image\/","url":"https:\/\/www.glueckstrasse.berlin\/wp-content\/uploads\/Logo_GLueckstrasse.svg","contentUrl":"https:\/\/www.glueckstrasse.berlin\/wp-content\/uploads\/Logo_GLueckstrasse.svg","width":"1024","height":"1024","caption":"(G)L\u00fcckstra\u00dfe Berlin"},"image":{"@id":"https:\/\/www.glueckstrasse.berlin\/en\/#\/schema\/logo\/image\/"}},{"@type":"Person","@id":"https:\/\/www.glueckstrasse.berlin\/en\/#\/schema\/person\/ca5681fa54df3cfcb235841742580ee2","name":"CDS-Fuenfstueck","image":{"@type":"ImageObject","inLanguage":"en-US","@id":"https:\/\/www.glueckstrasse.berlin\/en\/#\/schema\/person\/image\/","url":"https:\/\/secure.gravatar.com\/avatar\/d143635dd6bea9d7764a2024e0a6f8af957523c03f83df63cff7dd63a8b4d8ca?s=96&d=mm&r=g","contentUrl":"https:\/\/secure.gravatar.com\/avatar\/d143635dd6bea9d7764a2024e0a6f8af957523c03f83df63cff7dd63a8b4d8ca?s=96&d=mm&r=g","caption":"CDS-Fuenfstueck"},"url":"https:\/\/www.glueckstrasse.berlin\/en\/author\/cds-fuenfstueck\/"}]}},"_links":{"self":[{"href":"https:\/\/www.glueckstrasse.berlin\/en\/wp-json\/wp\/v2\/posts\/5916","targetHints":{"allow":["GET"]}}],"collection":[{"href":"https:\/\/www.glueckstrasse.berlin\/en\/wp-json\/wp\/v2\/posts"}],"about":[{"href":"https:\/\/www.glueckstrasse.berlin\/en\/wp-json\/wp\/v2\/types\/post"}],"author":[{"embeddable":true,"href":"https:\/\/www.glueckstrasse.berlin\/en\/wp-json\/wp\/v2\/users\/3"}],"replies":[{"embeddable":true,"href":"https:\/\/www.glueckstrasse.berlin\/en\/wp-json\/wp\/v2\/comments?post=5916"}],"version-history":[{"count":3,"href":"https:\/\/www.glueckstrasse.berlin\/en\/wp-json\/wp\/v2\/posts\/5916\/revisions"}],"predecessor-version":[{"id":5919,"href":"https:\/\/www.glueckstrasse.berlin\/en\/wp-json\/wp\/v2\/posts\/5916\/revisions\/5919"}],"wp:featuredmedia":[{"embeddable":true,"href":"https:\/\/www.glueckstrasse.berlin\/en\/wp-json\/wp\/v2\/media\/5938"}],"wp:attachment":[{"href":"https:\/\/www.glueckstrasse.berlin\/en\/wp-json\/wp\/v2\/media?parent=5916"}],"wp:term":[{"taxonomy":"category","embeddable":true,"href":"https:\/\/www.glueckstrasse.berlin\/en\/wp-json\/wp\/v2\/categories?post=5916"},{"taxonomy":"post_tag","embeddable":true,"href":"https:\/\/www.glueckstrasse.berlin\/en\/wp-json\/wp\/v2\/tags?post=5916"}],"curies":[{"name":"wp","href":"https:\/\/api.w.org\/{rel}","templated":true}]}}